{"id":4594,"date":"2026-05-01T21:23:10","date_gmt":"2026-05-01T21:23:10","guid":{"rendered":"https:\/\/spstawiski.pl\/?p=4594"},"modified":"2026-05-01T21:33:56","modified_gmt":"2026-05-01T21:33:56","slug":"swietujmy-dzien-flagi-rzeczypospolitej-polskiej-2","status":"publish","type":"post","link":"https:\/\/spstawiski.pl\/?p=4594","title":{"rendered":"2 maja &#8211; \u015bwi\u0119tujmy Dzie\u0144 Flagi Rzeczypospolitej Polskiej!"},"content":{"rendered":"<p style=\"text-align: justify;\">Biel i czerwie\u0144 to barwy, kt\u00f3re dla Polak\u00f3w s\u0105 szczeg\u00f3lnie wa\u017cne. Wszyscy doskonale wiemy, \u017ce to nasze barwy narodowe.<br \/>\n2 maja obchodzimy Dzie\u0144 Flagi Rzeczypospolitej Polskiej. Jest to jedno z najm\u0142odszych \u015bwi\u0105t pa\u0144stwowych w\u00a0Polsce &#8211; zosta\u0142o ustanowione w 2004 roku, aby propagowa\u0107 wiedz\u0119 o polskiej to\u017csamo\u015bci oraz symbolach narodowych.<br \/>\nZ okazji tego dnia Samorz\u0105d Uczniowski wyszed\u0142 z propozycj\u0105 akcji \u201eKreatywna flaga\u201d. Uczniowie mieli za zadanie wykorzysta\u0107 r\u00f3\u017cne przedmioty i elementy, z kt\u00f3rych stworz\u0105 pomys\u0142owe flagi. Po raz kolejny nasi uczniowie udowodnili, \u017ce potrafi\u0105 by\u0107 kreatywni. Otrzymali\u015bmy wiele ciekawych flag, a materia\u0142y z kt\u00f3rych je wykonano pozytywnie nas zaskoczy\u0142y. Wszystkie flagi mo\u017cna obejrze\u0107 w fotogalerii. Dzi\u0119kujemy wszystkim, kt\u00f3rzy zechcieli wzi\u0105\u0107 udzia\u0142 w naszej akcji i jeste\u015bmy pe\u0142ni uznania dla Waszej pomys\u0142owo\u015bci.<br \/>\nPami\u0119tajmy r\u00f3wnie\u017c, by dla uczczenia tego \u015bwi\u0119ta wywiesi\u0107 flagi na balkonach lub w oknach. Niech ten drobny gest b\u0119dzie wyrazem naszej przynale\u017cno\u015bci do Ojczyzny.<\/p>\n<p style=\"text-align: center;\"><a href=\"https:\/\/photos.app.goo.gl\/CHay8aytQ2XquCX4A\"><img loading=\"lazy\" decoding=\"async\" class=\"alignnone size-full wp-image-800\" src=\"https:\/\/spstawiski.pl\/wp-content\/uploads\/2020\/10\/galeria_baton.png\" alt=\"przycisk galerii\" width=\"237\" height=\"96\" \/><\/a><\/p>\n<p style=\"text-align: right;\">Samorz\u0105d Uczniowski<\/p>\n","protected":false},"excerpt":{"rendered":"<p>Data nie jest przypadkowa \u2013 nawi\u0105zuje do wydarze\u0144 z 2 maja 1945 roku, kiedy polscy \u017co\u0142nierze zawiesili bia\u0142o-czerwon\u0105 flag\u0119 na Kolumnie Zwyci\u0119stwa w Berlinie.<\/p>\n","protected":false},"author":2,"featured_media":4597,"comment_status":"closed","ping_status":"closed","sticky":false,"template":"","format":"standard","meta":{"footnotes":""},"categories":[3],"tags":[],"class_list":["post-4594","post","type-post","status-publish","format-standard","has-post-thumbnail","hentry","category-ogloszenia"],"_links":{"self":[{"href":"https:\/\/spstawiski.pl\/index.php?rest_route=\/wp\/v2\/posts\/4594","targetHints":{"allow":["GET"]}}],"collection":[{"href":"https:\/\/spstawiski.pl\/index.php?rest_route=\/wp\/v2\/posts"}],"about":[{"href":"https:\/\/spstawiski.pl\/index.php?rest_route=\/wp\/v2\/types\/post"}],"author":[{"embeddable":true,"href":"https:\/\/spstawiski.pl\/index.php?rest_route=\/wp\/v2\/users\/2"}],"replies":[{"embeddable":true,"href":"https:\/\/spstawiski.pl\/index.php?rest_route=%2Fwp%2Fv2%2Fcomments&post=4594"}],"version-history":[{"count":5,"href":"https:\/\/spstawiski.pl\/index.php?rest_route=\/wp\/v2\/posts\/4594\/revisions"}],"predecessor-version":[{"id":4600,"href":"https:\/\/spstawiski.pl\/index.php?rest_route=\/wp\/v2\/posts\/4594\/revisions\/4600"}],"wp:featuredmedia":[{"embeddable":true,"href":"https:\/\/spstawiski.pl\/index.php?rest_route=\/wp\/v2\/media\/4597"}],"wp:attachment":[{"href":"https:\/\/spstawiski.pl\/index.php?rest_route=%2Fwp%2Fv2%2Fmedia&parent=4594"}],"wp:term":[{"taxonomy":"category","embeddable":true,"href":"https:\/\/spstawiski.pl\/index.php?rest_route=%2Fwp%2Fv2%2Fcategories&post=4594"},{"taxonomy":"post_tag","embeddable":true,"href":"https:\/\/spstawiski.pl\/index.php?rest_route=%2Fwp%2Fv2%2Ftags&post=4594"}],"curies":[{"name":"wp","href":"https:\/\/api.w.org\/{rel}","templated":true}]}}