{"id":3685,"date":"2023-08-31T09:19:51","date_gmt":"2023-08-31T09:19:51","guid":{"rendered":"https:\/\/spstawiski.pl\/?p=3685"},"modified":"2023-08-31T09:21:05","modified_gmt":"2023-08-31T09:21:05","slug":"harmonogram-rozpoczecia-roku-szkolnego-2023-2024","status":"publish","type":"post","link":"https:\/\/spstawiski.pl\/?p=3685","title":{"rendered":"Harmonogram Rozpocz\u0119cia Roku Szkolnego 2023\/2024"},"content":{"rendered":"<p>Szanowni Rodzice, Drodzy Uczniowie,<\/p>\n<p>serdecznie zapraszam na Uroczyste Rozpocz\u0119cie Roku Szkolnego 2023\/2024, kt\u00f3re odb\u0119dzie si\u0119 4 wrze\u015bnia 2023r. G\u0142\u00f3wna cz\u0119\u015b\u0107 uroczysto\u015bci odb\u0119dzie si\u0119 w hali sportowej. Rano uczniowie przebywaj\u0105 w \u015bwietlicy.<\/p>\n<p>&nbsp;<\/p>\n<p><strong>Harmonogram<\/strong><br \/>\n7.00 \u2013 8.10 \u2013 czas pracy \u015bwietlicy dla ka\u017cdego ucznia;<\/p>\n<p>8.10 \u2013 wychowawcy osobi\u015bcie odbieraj\u0105 uczni\u00f3w ze \u015bwietlicy i udaj\u0105 si\u0119 do sali lekcyjnej;<\/p>\n<p>8.20 \u2013 przej\u015bcie do ko\u015bcio\u0142a pod opiek\u0105 wychowawcy, ustawiamy si\u0119 tak jak podczas zako\u0144czenia roku szkolnego w czerwcu br.<\/p>\n<p>8.30 \u2013 Msza \u015awi\u0119ta w ko\u015bciele w Stawiskach; po mszy powr\u00f3t do szko\u0142y do sal lekcyjnych zgodnie z poni\u017cszym grafikiem.<\/p>\n<p>9.20 \u2013 przej\u015bcie pod opiek\u0105 wychowawcy z sali lekcyjnej do hali sportowej;<\/p>\n<p>9.30 \u2013 uroczyste rozpocz\u0119cie roku szkolnego;<\/p>\n<p>Po uroczysto\u015bci \u2013 spotkanie z wychowawcami w salach. W tym czasie:<\/p>\n<ul>\n<li>uczniowie otrzymaj\u0105 plan lekcji;<\/li>\n<li>otrzymaj\u0105 tak\u017ce klucze do indywidualnych szafek w szatni;<\/li>\n<li>omawiane s\u0105 sprawy organizacyjne w salach.<\/li>\n<\/ul>\n<p>Ok. 10. 45 \u2013 odwozy uczni\u00f3w.<\/p>\n<p><strong>\u00a0<\/strong><\/p>\n<p><strong>Spotkania z wychowawcami klas w poszczeg\u00f3lnych salach.<\/strong><\/p>\n<p>1a \u2013 s.1, p. Teresa Rydzewska<\/p>\n<p>1b \u2013 s.3, p. Dominika K\u0119pa<\/p>\n<p>2a \u2013 s.8, p. Wanda Szumska<\/p>\n<p>2b \u2013 s.2, p. El\u017cbieta Domitrz<\/p>\n<p>3a \u2013 s.6, p. Alina Chodnik<\/p>\n<p>3b \u2013 s.7, p. Emilia D\u0119by<\/p>\n<p>4a \u2013 s.12, p. Dorota Zalewska<\/p>\n<p>4b \u2013 s.16, p. Krystyna G\u00f3recka<\/p>\n<p>5a \u2013 s.5, p. El\u017cbieta Soko\u0142owska<\/p>\n<p>5b \u2013 s.9, p. Wioletta Or\u0142owska<\/p>\n<p>6a \u2013 s.11, p. El\u017cbieta Zawrotna-Kwiecie\u0144<\/p>\n<p>6b \u2013 s.10, p. Dorota Dardzi\u0144ska<\/p>\n<p>7a \u2013 s. 4, p. Dorota Soko\u0142owska<\/p>\n<p>7b \u2013 s.15, p. El\u017cbieta Zawrotna<\/p>\n<p>8a \u2013 s.13, p. Emilia Leszczy\u0144ska<\/p>\n<p>&nbsp;<\/p>\n<p style=\"text-align: right;\">Z powa\u017caniem,<\/p>\n<p style=\"text-align: right;\">Tomasz Chojnowski<br \/>\nDyrektor Szko\u0142y Podstawowej<br \/>\nim. Tadeusza Ko\u015bciuszki w Stawiskach<\/p>\n","protected":false},"excerpt":{"rendered":"<p>Szanowni Rodzice, Drodzy Uczniowie, serdecznie zapraszam na Uroczyste Rozpocz\u0119cie Roku Szkolnego 2023\/2024, kt\u00f3re odb\u0119dzie si\u0119 4 wrze\u015bnia 2023r.<\/p>\n","protected":false},"author":2,"featured_media":3686,"comment_status":"closed","ping_status":"closed","sticky":false,"template":"","format":"standard","meta":{"footnotes":""},"categories":[1],"tags":[],"class_list":["post-3685","post","type-post","status-publish","format-standard","has-post-thumbnail","hentry","category-spstawiski"],"_links":{"self":[{"href":"https:\/\/spstawiski.pl\/index.php?rest_route=\/wp\/v2\/posts\/3685","targetHints":{"allow":["GET"]}}],"collection":[{"href":"https:\/\/spstawiski.pl\/index.php?rest_route=\/wp\/v2\/posts"}],"about":[{"href":"https:\/\/spstawiski.pl\/index.php?rest_route=\/wp\/v2\/types\/post"}],"author":[{"embeddable":true,"href":"https:\/\/spstawiski.pl\/index.php?rest_route=\/wp\/v2\/users\/2"}],"replies":[{"embeddable":true,"href":"https:\/\/spstawiski.pl\/index.php?rest_route=%2Fwp%2Fv2%2Fcomments&post=3685"}],"version-history":[{"count":3,"href":"https:\/\/spstawiski.pl\/index.php?rest_route=\/wp\/v2\/posts\/3685\/revisions"}],"predecessor-version":[{"id":3689,"href":"https:\/\/spstawiski.pl\/index.php?rest_route=\/wp\/v2\/posts\/3685\/revisions\/3689"}],"wp:featuredmedia":[{"embeddable":true,"href":"https:\/\/spstawiski.pl\/index.php?rest_route=\/wp\/v2\/media\/3686"}],"wp:attachment":[{"href":"https:\/\/spstawiski.pl\/index.php?rest_route=%2Fwp%2Fv2%2Fmedia&parent=3685"}],"wp:term":[{"taxonomy":"category","embeddable":true,"href":"https:\/\/spstawiski.pl\/index.php?rest_route=%2Fwp%2Fv2%2Fcategories&post=3685"},{"taxonomy":"post_tag","embeddable":true,"href":"https:\/\/spstawiski.pl\/index.php?rest_route=%2Fwp%2Fv2%2Ftags&post=3685"}],"curies":[{"name":"wp","href":"https:\/\/api.w.org\/{rel}","templated":true}]}}