{"id":3229,"date":"2022-10-01T13:42:16","date_gmt":"2022-10-01T13:42:16","guid":{"rendered":"https:\/\/spstawiski.pl\/?p=3229"},"modified":"2023-01-13T10:47:19","modified_gmt":"2023-01-13T10:47:19","slug":"miedzynarodowy-projekt-edukacyjny-z-kultura-mi-do-twarzy","status":"publish","type":"post","link":"https:\/\/spstawiski.pl\/?p=3229","title":{"rendered":"Mi\u0119dzynarodowy Projekt Edukacyjny \u201eZ kultur\u0105 mi do twarzy\u201d"},"content":{"rendered":"<p style=\"text-align: justify;\">W bie\u017c\u0105cym roku szkolnym nasza szko\u0142a przyst\u0105pi\u0142a do udzia\u0142u w Mi\u0119dzynarodowym Projekcie Edukacyjnym \u201eZ kultur\u0105 mi do twarzy\u201d. Powsta\u0142 on w oparciu o aktualn\u0105 Podstaw\u0119 Programow\u0105, a tak\u017ce realizuje tegoroczny kierunek polityki o\u015bwiatowej: wychowanie do warto\u015bci, kszta\u0142towanie postaw i respektowanie norm spo\u0142ecznych.<\/p>\n<p style=\"text-align: justify;\">G\u0142\u00f3wne cele projektu to:<br \/>\n&#8211; promowanie kultury wysokiej, wra\u017cliwo\u015bci na pi\u0119kno,<br \/>\n&#8211; rozwijanie poczucia estetyki poprzez kontakt ze sztuk\u0105,<br \/>\n&#8211; wsp\u00f3\u0142praca z plac\u00f3wkami kulturalnymi i \u015brodowiskiem lokalnym,<br \/>\n&#8211; wychowanie w duchu warto\u015bci, takich jak: dobro, pi\u0119kno, altruizm, patriotyzm,<br \/>\n&#8211; kszta\u0142towanie empatii i szacunku wobec os\u00f3b starszych i niepe\u0142nosprawnych,<br \/>\n&#8211; kszta\u0142towanie poczucia przynale\u017cno\u015bci do kraju, regionu, zapoznanie z ich tradycjami i histori\u0105 w spos\u00f3b dost\u0119pny dziecku,<br \/>\n&#8211; zapoznanie z normami i zasadami \u017cycia spo\u0142ecznego oraz ich przestrzeganie,<br \/>\n&#8211; wsp\u00f3\u0142praca z rodzicami, w\u0142\u0105czanie ich do aktywnych dzia\u0142a\u0144 na rzecz plac\u00f3wki.<\/p>\n<p style=\"text-align: justify;\">W trakcie realizacji projektu uczniowie b\u0119d\u0105 realizowali wybrane przez siebie zadania w trzech modu\u0142ach:<br \/>\n&#8211; MODU\u0141 I &#8211; ,,W krainie muz&#8221;,<br \/>\n&#8211; MODU\u0141 II &#8211; ,,Pi\u0119kno regionu&#8221;,<br \/>\n&#8211; MODU\u0141 III &#8211; ,,Kocham, lubi\u0119, szanuj\u0119&#8221;.<\/p>\n<p style=\"text-align: right;\">Koordynatorzy projektu:<br \/>\nKatarzyna \u0141epkowska i Marzena Grabowska<\/p>\n","protected":false},"excerpt":{"rendered":"<p>W trakcie realizacji projektu uczniowie b\u0119d\u0105 realizowali wybrane przez siebie zadania w trzech modu\u0142ach.<\/p>\n","protected":false},"author":2,"featured_media":3231,"comment_status":"closed","ping_status":"closed","sticky":false,"template":"","format":"standard","meta":{"footnotes":""},"categories":[1],"tags":[],"class_list":["post-3229","post","type-post","status-publish","format-standard","has-post-thumbnail","hentry","category-spstawiski"],"_links":{"self":[{"href":"https:\/\/spstawiski.pl\/index.php?rest_route=\/wp\/v2\/posts\/3229","targetHints":{"allow":["GET"]}}],"collection":[{"href":"https:\/\/spstawiski.pl\/index.php?rest_route=\/wp\/v2\/posts"}],"about":[{"href":"https:\/\/spstawiski.pl\/index.php?rest_route=\/wp\/v2\/types\/post"}],"author":[{"embeddable":true,"href":"https:\/\/spstawiski.pl\/index.php?rest_route=\/wp\/v2\/users\/2"}],"replies":[{"embeddable":true,"href":"https:\/\/spstawiski.pl\/index.php?rest_route=%2Fwp%2Fv2%2Fcomments&post=3229"}],"version-history":[{"count":4,"href":"https:\/\/spstawiski.pl\/index.php?rest_route=\/wp\/v2\/posts\/3229\/revisions"}],"predecessor-version":[{"id":3234,"href":"https:\/\/spstawiski.pl\/index.php?rest_route=\/wp\/v2\/posts\/3229\/revisions\/3234"}],"wp:featuredmedia":[{"embeddable":true,"href":"https:\/\/spstawiski.pl\/index.php?rest_route=\/wp\/v2\/media\/3231"}],"wp:attachment":[{"href":"https:\/\/spstawiski.pl\/index.php?rest_route=%2Fwp%2Fv2%2Fmedia&parent=3229"}],"wp:term":[{"taxonomy":"category","embeddable":true,"href":"https:\/\/spstawiski.pl\/index.php?rest_route=%2Fwp%2Fv2%2Fcategories&post=3229"},{"taxonomy":"post_tag","embeddable":true,"href":"https:\/\/spstawiski.pl\/index.php?rest_route=%2Fwp%2Fv2%2Ftags&post=3229"}],"curies":[{"name":"wp","href":"https:\/\/api.w.org\/{rel}","templated":true}]}}