{"id":2851,"date":"2022-08-28T08:43:12","date_gmt":"2022-08-28T08:43:12","guid":{"rendered":"https:\/\/spstawiski.pl\/?p=2851"},"modified":"2022-08-28T09:15:40","modified_gmt":"2022-08-28T09:15:40","slug":"harmonogram-rozpoczecia-roku-szkolnego-2022-2023","status":"publish","type":"post","link":"https:\/\/spstawiski.pl\/?p=2851","title":{"rendered":"Harmonogram Rozpocz\u0119cia Roku Szkolnego 2022\/2023"},"content":{"rendered":"<p>Szanowni Rodzice, Drodzy Uczniowie,<\/p>\n<p>serdecznie zapraszam na Uroczyste Rozpocz\u0119cie Roku Szkolnego 2022\/2023, kt\u00f3re odb\u0119dzie si\u0119 1 wrze\u015bnia 2022r. G\u0142\u00f3wna cz\u0119\u015b\u0107 uroczysto\u015bci odb\u0119dzie si\u0119 w hali sportowej. Tego dnia wej\u015bcie do szko\u0142y od ul. Polowej, od strony placu masztowego drzwiami przy sali gimnastycznej. Rano uczniowie przebywaj\u0105 w dotychczasowej \u015bwietlicy.<\/p>\n<p>&nbsp;<\/p>\n<p><strong>Harmonogram<\/strong><br \/>\n7.00 \u2013 8.30 \u2013 czas pracy \u015bwietlicy dla ka\u017cdego ucznia;<\/p>\n<p>8.30 \u2013 wychowawcy osobi\u015bcie odbieraj\u0105 uczni\u00f3w ze \u015bwietlicy (sala gimnastyczna) i udaj\u0105 si\u0119 do sali lekcyjnej;<\/p>\n<p>8.45 \u2013 przej\u015bcie do ko\u015bcio\u0142a pod opiek\u0105 wychowawcy;<\/p>\n<p>9.00 \u2013 Msza \u015awi\u0119ta w ko\u015bciele w Stawiskach;<\/p>\n<p>10.00 \u2013 ponowne spotkanie z wychowawcami w salach. W tym czasie:<\/p>\n<ul>\n<li>uczniowie otrzymaj\u0105 plan lekcji;<\/li>\n<li>otrzymaj\u0105 tak\u017ce klucze do indywidualnych szafek w szatni;<\/li>\n<li>pod opiek\u0105 wychowawcy zapoznaj\u0105 si\u0119 z now\u0105 cz\u0119\u015bci\u0105 szko\u0142y &#8211; \u015bwietlica, sto\u0142\u00f3wka, \u0142azienki dla dziewcz\u0105t i ch\u0142opc\u00f3w, szatnia, pok\u00f3j logopedy, pok\u00f3j pedagoga, szatnie z kt\u00f3rych korzysta\u0107 b\u0119d\u0105 przed zaj\u0119ciami wychowania fizycznego, si\u0142ownia;<\/li>\n<li>sprawy organizacyjne w salach.<\/li>\n<\/ul>\n<p>10.45 \u2013 przej\u015bcie pod opiek\u0105 wychowawcy z sali lekcyjnej do hali sportowej;<\/p>\n<p>11.00 \u2013 uroczyste rozpocz\u0119cie roku szkolnego;<\/p>\n<p>12.30 \u2013 odwozy uczni\u00f3w.<\/p>\n<p>&nbsp;<\/p>\n<p><strong>Spotkania z wychowawcami klas w poszczeg\u00f3lnych salach.<\/strong><\/p>\n<p>kl.1 i kl.3 SF Jurzec Szlachecki \u2013 czytelnia, p.Marta Weso\u0142owska, p. Dorota Kuczy\u0144ska<\/p>\n<p>1a \u2013 s.8, p. Wanda Szumska<\/p>\n<p>1b \u2013 s.2, p. El\u017cbieta Domitrz<\/p>\n<p>2a \u2013 s.6, p. Alina Chodnik<\/p>\n<p>2b \u2013 s.7, p. Emilia D\u0119by<\/p>\n<p>3a \u2013 s.3, p. Mariola Olender<\/p>\n<p>3b \u2013 s.1, p. Teresa Rydzewska<\/p>\n<p>4a \u2013 s.14, p. Monika Cedrowska<\/p>\n<p>4b \u2013 s.9, p. Wioletta Or\u0142owska<\/p>\n<p>5a \u2013 s.12, p. El\u017cbieta Zawrotna-Kwiecie\u0144<\/p>\n<p>5b \u2013 s.10, p. Dorota Dardzi\u0144ska<\/p>\n<p>6a \u2013 s.5, p. Dorota Soko\u0142owska<\/p>\n<p>6b \u2013 s.15, p. El\u017cbieta Zawrotna<\/p>\n<p>7a \u2013 s.13, p. Emilia Leszczy\u0144ska<\/p>\n<p>8a \u2013 s. 4, p. Barbara Paczoszka<\/p>\n<p>8b \u2013 s.16, p. Anna Rybicka<\/p>\n<p>&nbsp;<\/p>\n<p style=\"text-align: right;\">Z powa\u017caniem,<\/p>\n<p style=\"text-align: right;\">Tomasz Chojnowski<br \/>\nDyrektor Szko\u0142y Podstawowej<br \/>\nim. Tadeusza Ko\u015bciuszki w Stawiskach<\/p>\n","protected":false},"excerpt":{"rendered":"<p>Szanowni Rodzice, Drodzy Uczniowie, serdecznie zapraszam na Uroczyste Rozpocz\u0119cie Roku Szkolnego 2022\/2023, kt\u00f3re odb\u0119dzie si\u0119 1 wrze\u015bnia 2022r. G\u0142\u00f3wna cz\u0119\u015b\u0107 uroczysto\u015bci odb\u0119dzie si\u0119 w hali&hellip;<\/p>\n","protected":false},"author":2,"featured_media":2853,"comment_status":"closed","ping_status":"closed","sticky":false,"template":"","format":"standard","meta":{"footnotes":""},"categories":[1],"tags":[],"class_list":["post-2851","post","type-post","status-publish","format-standard","has-post-thumbnail","hentry","category-spstawiski"],"_links":{"self":[{"href":"https:\/\/spstawiski.pl\/index.php?rest_route=\/wp\/v2\/posts\/2851","targetHints":{"allow":["GET"]}}],"collection":[{"href":"https:\/\/spstawiski.pl\/index.php?rest_route=\/wp\/v2\/posts"}],"about":[{"href":"https:\/\/spstawiski.pl\/index.php?rest_route=\/wp\/v2\/types\/post"}],"author":[{"embeddable":true,"href":"https:\/\/spstawiski.pl\/index.php?rest_route=\/wp\/v2\/users\/2"}],"replies":[{"embeddable":true,"href":"https:\/\/spstawiski.pl\/index.php?rest_route=%2Fwp%2Fv2%2Fcomments&post=2851"}],"version-history":[{"count":9,"href":"https:\/\/spstawiski.pl\/index.php?rest_route=\/wp\/v2\/posts\/2851\/revisions"}],"predecessor-version":[{"id":2862,"href":"https:\/\/spstawiski.pl\/index.php?rest_route=\/wp\/v2\/posts\/2851\/revisions\/2862"}],"wp:featuredmedia":[{"embeddable":true,"href":"https:\/\/spstawiski.pl\/index.php?rest_route=\/wp\/v2\/media\/2853"}],"wp:attachment":[{"href":"https:\/\/spstawiski.pl\/index.php?rest_route=%2Fwp%2Fv2%2Fmedia&parent=2851"}],"wp:term":[{"taxonomy":"category","embeddable":true,"href":"https:\/\/spstawiski.pl\/index.php?rest_route=%2Fwp%2Fv2%2Fcategories&post=2851"},{"taxonomy":"post_tag","embeddable":true,"href":"https:\/\/spstawiski.pl\/index.php?rest_route=%2Fwp%2Fv2%2Ftags&post=2851"}],"curies":[{"name":"wp","href":"https:\/\/api.w.org\/{rel}","templated":true}]}}