{"id":2728,"date":"2022-04-15T21:27:30","date_gmt":"2022-04-15T21:27:30","guid":{"rendered":"https:\/\/spstawiski.pl\/?p=2728"},"modified":"2022-04-15T21:34:16","modified_gmt":"2022-04-15T21:34:16","slug":"podziekowania-za-zyczenia-wielkanocne","status":"publish","type":"post","link":"https:\/\/spstawiski.pl\/?p=2728","title":{"rendered":"Podzi\u0119kowania za \u017cyczenia wielkanocne"},"content":{"rendered":"<p>W imieniu spo\u0142eczno\u015bci szkolnej dzi\u0119kuj\u0119 za \u017cyczenia wielkanocne:<\/p>\n<ul style=\"list-style-type: circle;\">\n<li>Burmistrz Stawisk \u2013 p. Agnieszce Rutkowskiej;<\/li>\n<li>kierownictwu Ministerstwa Edukacji i Nauki;<\/li>\n<li>Pos\u0142owi na Sejm Rzeczypospolitej Polskiej \u2013 p. Kazimierzowi Gwiazdowskiemu;<\/li>\n<li>Pos\u0142owi na Sejm Rzeczypospolitej Polskiej \u2013 p. Jaros\u0142awowi Zieli\u0144skiemu;<\/li>\n<li>Dyrektor Szko\u0142y Podstawowej w Porytem \u2013 p. Bogumile \u017bochowskiej;<\/li>\n<li>Dyrektor Miejskiego Przedszkola w Stawiskach \u2013 p. Iwonie Bogda\u0144skiej;<\/li>\n<li>Dyrektor Centrum Us\u0142ug Spo\u0142ecznych w Stawiskach \u2013 p. Izabeli Wasilewskiej;<\/li>\n<li>Dyrektor Gminnego O\u015brodka Kultury i Sportu w Stawiskach \u2013 p. Gra\u017cynie Kamionowskiej;<\/li>\n<li>Pracownikom Niepublicznego Zak\u0142adu Opieki Zdrowotnej Salus w Stawiskach;<\/li>\n<li>Przewodnicz\u0105cej Komisji Mi\u0119dzyzak\u0142adowej Pracownik\u00f3w O\u015bwiaty i Wychowania NSZZ \u201eSolidarno\u015b\u0107&#8221;, oddzia\u0142 w \u0141om\u017cy \u2013 p. Jolancie Chojnowskiej;<\/li>\n<li>Centrum Edukacji Nauczycieli w \u0141om\u017cy;<\/li>\n<li>LEMFAX PHU Joanna Godlewska;<\/li>\n<li>PKU &#8222;Logos&#8221; Centrum Edukacyjne;<\/li>\n<li>Bankowi Sp\u00f3\u0142dzielczemu w Kolnie;<\/li>\n<li>Zespo\u0142owi Og\u00f3lnopolskiej Sieci Edukacyjnej.<\/li>\n<\/ul>\n<p style=\"text-align: right;\"><em>Tomasz Chojnowski<\/em><br \/>\n<em>dyrektor Szko\u0142y Podstawowej <\/em><br \/>\n<em>im. Tadeusza Ko\u015bciuszki w Stawiskach<\/em><\/p>\n","protected":false},"excerpt":{"rendered":"<p>W imieniu spo\u0142eczno\u015bci szkolnej dzi\u0119kuj\u0119 za \u017cyczenia wielkanocne.<\/p>\n","protected":false},"author":2,"featured_media":2729,"comment_status":"closed","ping_status":"closed","sticky":false,"template":"","format":"standard","meta":{"footnotes":""},"categories":[3],"tags":[],"class_list":["post-2728","post","type-post","status-publish","format-standard","has-post-thumbnail","hentry","category-ogloszenia"],"_links":{"self":[{"href":"https:\/\/spstawiski.pl\/index.php?rest_route=\/wp\/v2\/posts\/2728","targetHints":{"allow":["GET"]}}],"collection":[{"href":"https:\/\/spstawiski.pl\/index.php?rest_route=\/wp\/v2\/posts"}],"about":[{"href":"https:\/\/spstawiski.pl\/index.php?rest_route=\/wp\/v2\/types\/post"}],"author":[{"embeddable":true,"href":"https:\/\/spstawiski.pl\/index.php?rest_route=\/wp\/v2\/users\/2"}],"replies":[{"embeddable":true,"href":"https:\/\/spstawiski.pl\/index.php?rest_route=%2Fwp%2Fv2%2Fcomments&post=2728"}],"version-history":[{"count":3,"href":"https:\/\/spstawiski.pl\/index.php?rest_route=\/wp\/v2\/posts\/2728\/revisions"}],"predecessor-version":[{"id":2732,"href":"https:\/\/spstawiski.pl\/index.php?rest_route=\/wp\/v2\/posts\/2728\/revisions\/2732"}],"wp:featuredmedia":[{"embeddable":true,"href":"https:\/\/spstawiski.pl\/index.php?rest_route=\/wp\/v2\/media\/2729"}],"wp:attachment":[{"href":"https:\/\/spstawiski.pl\/index.php?rest_route=%2Fwp%2Fv2%2Fmedia&parent=2728"}],"wp:term":[{"taxonomy":"category","embeddable":true,"href":"https:\/\/spstawiski.pl\/index.php?rest_route=%2Fwp%2Fv2%2Fcategories&post=2728"},{"taxonomy":"post_tag","embeddable":true,"href":"https:\/\/spstawiski.pl\/index.php?rest_route=%2Fwp%2Fv2%2Ftags&post=2728"}],"curies":[{"name":"wp","href":"https:\/\/api.w.org\/{rel}","templated":true}]}}