{"id":2302,"date":"2021-11-18T13:19:25","date_gmt":"2021-11-18T13:19:25","guid":{"rendered":"https:\/\/spstawiski.pl\/?p=2302"},"modified":"2021-11-18T13:43:21","modified_gmt":"2021-11-18T13:43:21","slug":"poznaj-polske","status":"publish","type":"post","link":"https:\/\/spstawiski.pl\/?p=2302","title":{"rendered":"Poznaj Polsk\u0119 &#8211; poznajemy Supra\u015bl!"},"content":{"rendered":"<p style=\"text-align: justify;\"><img loading=\"lazy\" decoding=\"async\" class=\"size-medium wp-image-2309 aligncenter\" src=\"https:\/\/spstawiski.pl\/wp-content\/uploads\/2021\/11\/Logo_ministerstwo_poziom_PL_czarne-300x126.png\" alt=\"\" width=\"300\" height=\"126\" srcset=\"https:\/\/spstawiski.pl\/wp-content\/uploads\/2021\/11\/Logo_ministerstwo_poziom_PL_czarne-300x126.png 300w, https:\/\/spstawiski.pl\/wp-content\/uploads\/2021\/11\/Logo_ministerstwo_poziom_PL_czarne-1024x431.png 1024w, https:\/\/spstawiski.pl\/wp-content\/uploads\/2021\/11\/Logo_ministerstwo_poziom_PL_czarne-768x323.png 768w, https:\/\/spstawiski.pl\/wp-content\/uploads\/2021\/11\/Logo_ministerstwo_poziom_PL_czarne-1536x646.png 1536w, https:\/\/spstawiski.pl\/wp-content\/uploads\/2021\/11\/Logo_ministerstwo_poziom_PL_czarne-2048x862.png 2048w\" sizes=\"auto, (max-width: 300px) 100vw, 300px\" \/><\/p>\n<p style=\"text-align: justify;\">Jest mi szczeg\u00f3lnie mi\u0142o przybli\u017cy\u0107 Pa\u0144stwu nowe przedsi\u0119wzi\u0119cie Ministra Edukacji i Nauki \u201ePoznaj Polsk\u0119\u201d. To pierwsza tego rodzaju inicjatywa, kt\u00f3ra w tak du\u017cym stopniu wspiera edukacj\u0119 patriotyczn\u0105. Nab\u00f3r wniosk\u00f3w do programu ruszy\u0142 6 wrze\u015bnia. Projekt jest cz\u0119\u015bci\u0105 rz\u0105dowego programu \u201ePolski \u0141ad\u201d. Celem przedsi\u0119wzi\u0119cia \u201ePoznaj Polsk\u0119\u201d jest wsparcie nauczycieli oraz wzbogacenie i uatrakcyjnienie procesu dydaktycznego. Dzi\u0119ki \u015brodkom z programu m\u0142odzi ludzie b\u0119d\u0105 mogli poznawa\u0107 istotne miejsca oraz wydarzenia zwi\u0105zane z histori\u0105 Polski, wa\u017cne dla naszej pami\u0119ci oraz zbiorowej to\u017csamo\u015bci. B\u0119d\u0105 mogli bezpo\u015brednio do\u015bwiadcza\u0107 przesz\u0142o\u015bci i odkrywa\u0107 j\u0105 w ciekawy spos\u00f3b. W ramach przedsi\u0119wzi\u0119cia \u201ePoznaj Polsk\u0119\u201d organy prowadz\u0105ce szko\u0142y otrzymaj\u0105 dofinansowanie do 80 proc. ca\u0142kowitego kosztu wycieczek &#8211; w\u00a0naszym przypadku 5000 z\u0142. <strong>Wk\u0142ad w\u0142asny w wysoko\u015bci 1250 z\u0142 zosta\u0142 zabezpieczony przez Burmistrz Stawisk, p.Agnieszk\u0119 Rutkowsk\u0105, za co naszej burmistrz serdecznie DZI\u0118KUJEMY!<\/strong><\/p>\n<p style=\"text-align: justify;\">\u015aroda, 10 listopada 2021 r.<\/p>\n<p style=\"text-align: justify;\">Pierwszym punktem zwiedzania by\u0142o Muzeum Sztuki Drukarskiej i Papiernictwa. Wystawa obj\u0119\u0142a dwie sale pe\u0142ne maszyn introligatorskich i poligraficznych. Uczniowie samodzielnie do\u015bwiadczyli ca\u0142ego procesu powstawania ksi\u0105\u017cki. Pani przewodnik dok\u0142adnie om\u00f3wi\u0142a i pokaza\u0142a ten proces, kt\u00f3ry zaczyna si\u0119 od zrobienia kartki papieru. Ch\u0119tni uczniowie uczestniczyli w drukowaniu strony za pomoc\u0105 prasy drukarskiej. Si\u0142\u0105 w\u0142asnych\u00a0 n\u00f3g\u00a0 mogli ,r\u00f3wnie\u017c wprowadzi\u0107 maszyny drukarskie w ruch. Przy okazji zwiedzania dowiedzieli si\u0119 sk\u0105d si\u0119 wzi\u0119\u0142o powiedzenie \u201ePrzeczyta\u0107 ksi\u0105\u017ck\u0119 od deski do deski\u201d. Na zako\u0144czenie wizyty uczniowie samodzielnie wydrukowali w\u0142asne zak\u0142adki do ksi\u0105\u017cki.<\/p>\n<p style=\"text-align: justify;\">Nast\u0119pnie udali\u015bmy si\u0119 do Muzeum Ikon. Wystawa ,kt\u00f3r\u0105 tam ogl\u0105dali\u015bmy ma charakter multimedialny. Eksponaty wzbogacone w opraw\u0119 \u015bwietln\u0105 , obrazow\u0105 i d\u017awi\u0119kow\u0105 \u00a0nawi\u0105zywa\u0142y do wn\u0119trza cerkwi, pieczary pustelniczej, wiejskiej chaty. To wszystko wprowadza\u0142o nas w kompletacyjny nastr\u00f3j i pomog\u0142o zrozumie\u0107 rol\u0119 ikony w prawos\u0142awiu. Uczniowie dowiedzieli si\u0119 ,\u017ce kult \u00a0ikony wychodzi\u0142 poza \u015bwi\u0105tyni\u0119. Odgrywa\u0142y donios\u0142\u0105 rol\u0119 w \u017cyciu codziennym, towarzyszy\u0142y cz\u0142owiekowi w najwa\u017cniejszych momentach \u017cycia.<\/p>\n<p style=\"text-align: justify;\">Kolejnym punktem wycieczki\u00a0 by\u0142 Monaster- zesp\u00f3\u0142 klasztorny Bazylian\u00f3w na, kt\u00f3rego dziedzi\u0144cu znajduje si\u0119 okaza\u0142a obronna Cerkiew Zwiastowania NMP. Tu uczniowie\u00a0 podziwiali Suprask\u0105 Ikon\u0119 Matki Boskiej- kopi\u0119 Smole\u0144skiej Ikony Matki Boskiej , kt\u00f3r\u0105 cerkiew otacza wielkim kultem. Du\u017cy zachwyt w \u015bwi\u0105tyni wzbudzi\u0142 ogromny poz\u0142acany \u017cyrandol, r\u00f3wnie\u017c ozdobiony ikonami. Zawieszony pod ciekawym sklepieniem zwr\u00f3ci\u0142 uwag\u0119 na pi\u0119kne malowid\u0142a przedstawiaj\u0105ce sceny biblijne, kt\u00f3re z \u0142atwo\u015bci\u0105 uczniowie odczytali. Zrozumieli jak wiele \u0142\u0105czy katolicyzm i prawos\u0142awie.<\/p>\n<p style=\"text-align: justify;\">Ostatnim punktem wycieczki by\u0142o zwiedzanie \u201eWersalu p\u00f3\u0142nocy\u201d- zespo\u0142u pa\u0142acowo parkowego Branickich w Bia\u0142ymstoku. Pami\u0105tka po rodzinie Branickich.<\/p>\n<blockquote>\n<p style=\"text-align: justify;\">Zale\u017cy mi, aby w przedsi\u0119wzi\u0119ciu wzi\u0119\u0142a udzia\u0142 jak najwi\u0119ksza liczba uczni\u00f3w<br \/>\ni nauczycieli, dlatego zwracam si\u0119 z pro\u015bb\u0105 o rozpropagowanie informacji o projekcie<br \/>\nw Pa\u0144stwa szkole i plac\u00f3wce o\u015bwiatowej. Informacje o przedsi\u0119wzi\u0119ciu b\u0119dziemy<br \/>\nprzekazywa\u0107 Pa\u0144stwu tak\u017ce w pierwszych dniach nowego roku szkolnego.<br \/>\nPragn\u0119 zapewni\u0107, \u017ce idea szeroko rozumianej edukacji patriotycznej jest<br \/>\nmi szczeg\u00f3lnie bliska. Chcia\u0142bym, aby m\u0142odzi ludzie, kt\u00f3rzy w przysz\u0142o\u015bci b\u0119d\u0105<br \/>\ndecydowa\u0107 o losach naszego kraju, znali polsk\u0105 kultur\u0119, szanowali j\u0119zyk i dziedzictwo<br \/>\nnarodowe, a przede wszystkim dorastali w poczuciu dumy z bycia Polakami. Jestem<br \/>\nprzekonany, \u017ce program \u201ePoznaj Polsk\u0119\u201d b\u0119dzie si\u0119 do tego przyczynia\u0142.<\/p>\n<p style=\"text-align: justify;\">Z wyrazami szacunku,<br \/>\nPrzemys\u0142aw Czarnek<br \/>\nMinister Edukacji i Nauki<\/p>\n<\/blockquote>\n<p>&nbsp;<\/p>\n<p><a href=\"https:\/\/photos.app.goo.gl\/6grh8eGKqfasNCQt7\" target=\"_blank\" rel=\"noopener\"><img loading=\"lazy\" decoding=\"async\" class=\"size-full wp-image-800 aligncenter\" src=\"https:\/\/spstawiski.pl\/wp-content\/uploads\/2020\/10\/galeria_baton.png\" alt=\"przycisk galerii\" width=\"237\" height=\"96\" \/><\/a><\/p>\n","protected":false},"excerpt":{"rendered":"<p>Pierwszym punktem zwiedzania by\u0142o Muzeum Sztuki Drukarskiej i Papiernictwa. Nast\u0119pnie udali\u015bmy si\u0119 do Muzeum Ikon.<\/p>\n","protected":false},"author":2,"featured_media":2308,"comment_status":"closed","ping_status":"closed","sticky":false,"template":"","format":"standard","meta":{"footnotes":""},"categories":[1],"tags":[],"class_list":["post-2302","post","type-post","status-publish","format-standard","has-post-thumbnail","hentry","category-spstawiski"],"_links":{"self":[{"href":"https:\/\/spstawiski.pl\/index.php?rest_route=\/wp\/v2\/posts\/2302","targetHints":{"allow":["GET"]}}],"collection":[{"href":"https:\/\/spstawiski.pl\/index.php?rest_route=\/wp\/v2\/posts"}],"about":[{"href":"https:\/\/spstawiski.pl\/index.php?rest_route=\/wp\/v2\/types\/post"}],"author":[{"embeddable":true,"href":"https:\/\/spstawiski.pl\/index.php?rest_route=\/wp\/v2\/users\/2"}],"replies":[{"embeddable":true,"href":"https:\/\/spstawiski.pl\/index.php?rest_route=%2Fwp%2Fv2%2Fcomments&post=2302"}],"version-history":[{"count":12,"href":"https:\/\/spstawiski.pl\/index.php?rest_route=\/wp\/v2\/posts\/2302\/revisions"}],"predecessor-version":[{"id":2317,"href":"https:\/\/spstawiski.pl\/index.php?rest_route=\/wp\/v2\/posts\/2302\/revisions\/2317"}],"wp:featuredmedia":[{"embeddable":true,"href":"https:\/\/spstawiski.pl\/index.php?rest_route=\/wp\/v2\/media\/2308"}],"wp:attachment":[{"href":"https:\/\/spstawiski.pl\/index.php?rest_route=%2Fwp%2Fv2%2Fmedia&parent=2302"}],"wp:term":[{"taxonomy":"category","embeddable":true,"href":"https:\/\/spstawiski.pl\/index.php?rest_route=%2Fwp%2Fv2%2Fcategories&post=2302"},{"taxonomy":"post_tag","embeddable":true,"href":"https:\/\/spstawiski.pl\/index.php?rest_route=%2Fwp%2Fv2%2Ftags&post=2302"}],"curies":[{"name":"wp","href":"https:\/\/api.w.org\/{rel}","templated":true}]}}