{"id":1015,"date":"2020-10-16T21:39:44","date_gmt":"2020-10-16T21:39:44","guid":{"rendered":"https:\/\/spstawiski.pl\/?p=1015"},"modified":"2020-10-17T19:38:45","modified_gmt":"2020-10-17T19:38:45","slug":"ogolnopolskie-obchody-dnia-edukacji-narodowej","status":"publish","type":"post","link":"https:\/\/spstawiski.pl\/?p=1015","title":{"rendered":"Og\u00f3lnopolskie obchody Dnia Edukacji Narodowej"},"content":{"rendered":"<blockquote>\n<p style=\"text-align: justify;\">&#8211; <em>Dzie\u0144 Edukacji Narodowej to dzie\u0144 szczeg\u00f3lny, w kt\u00f3rym dzi\u0119kujemy nauczycielom, ale tak\u017ce wszystkim pracownikom o\u015bwiaty, osobom w\u00a0jakikolwiek zwi\u0105zanym z polskimi szko\u0142ami. Dzi\u0119kujemy za to, \u017ce wk\u0142adaj\u0105 oni tak wiele trudu w wychowanie i nauczanie m\u0142odych Polak\u00f3w, aby byli dobrymi obywatelami, aby byli te\u017c po prostu dobrymi lud\u017ami \u2013 powiedzia\u0142 minister edukacji. &#8211; Nauczyciel to taki rodzic, kt\u00f3ry pomaga wychowa\u0107 dzieci, by wyro\u015bli na dobrych ludzi. Dlatego ten dzie\u0144 jest szczeg\u00f3lny, bo mo\u017cemy podzi\u0119kowa\u0107 nauczycielom za trud<\/em> \u2013 doda\u0142 minister Dariusz Piontkowski.<\/p>\n<\/blockquote>\n<p style=\"text-align: justify;\">Podczas swojego wyst\u0105pienia Minister Edukacji Narodowej odni\u00f3s\u0142 si\u0119 do sytuacji, kt\u00f3r\u0105 mamy w tym roku, funkcjonowania szk\u00f3\u0142 i plac\u00f3wek o\u015bwiatowych w okresie pandemii.<\/p>\n<blockquote>\n<p style=\"text-align: justify;\">&#8211; <em>W tym roku Dzie\u0144 Edukacji Narodowej odbywa si\u0119 w trudnym okresie. Dlatego tym bardziej dzi\u0119kuj\u0119 wszystkim nauczycielom pracownikom szk\u00f3\u0142, \u017ce przyczynili si\u0119 do tego, \u017ce mimo przeszk\u00f3d szko\u0142a pracuje normalnie. Dzi\u0119kuj\u0119 za dotychczasowy wysi\u0142ek i gratuluj\u0119 wszystkim nagrodzonym oraz odznaczonym<\/em> \u2013 podkre\u015bli\u0142 minister.<\/p>\n<\/blockquote>\n<p style=\"text-align: justify;\">W uroczysto\u015bci brali udzia\u0142 r\u00f3wnie\u017c przedstawiciele Narodowej Rady Rozwoju dzia\u0142aj\u0105cej przy Prezydencie Rzeczypospolitej Polskiej, Kancelarii Prezesa Rady Ministr\u00f3w, kuratorzy o\u015bwiaty, kierownictwo Centralnej Komisji Egzaminacyjnej, O\u015brodka Rozwoju Edukacji, O\u015brodka Rozwoju Polskiej Edukacji za Granic\u0105, przedstawiciele Rady Dzieci i M\u0142odzie\u017cy RP przy Ministrze Edukacji Narodowej, przedstawiciele organizacji spo\u0142ecznych, instytucji pa\u0144stwowych i kulturalnych.<\/p>\n<p style=\"text-align: justify;\"><strong>Medale Komisji Edukacji Narodowej\u00a0<\/strong>nadawane s\u0105 za szczeg\u00f3lne zas\u0142ugi dla rozwoju o\u015bwiaty i wychowania. W\u00a0tym roku r\u00f3wnie\u017c otrzymali je nauczyciele Szko\u0142y Podstawowej im.Tadeusza Ko\u015bciuszki w Stawiskach:<\/p>\n<ul>\n<li style=\"text-align: justify;\"><em>p. Barbara Paczoszka,<\/em><\/li>\n<li style=\"text-align: justify;\"><em style=\"text-align: center;\">p. Andrzej K\u0119pa,<\/em><\/li>\n<li style=\"text-align: justify;\"><em style=\"text-align: center;\">p. S\u0142awomir Chodnik.<\/em><\/li>\n<\/ul>\n<p style=\"text-align: right;\"><em><br \/>\n<strong>Serdecznie gratulujemy!<\/strong><\/em><\/p>\n<p>&nbsp;<\/p>\n<p>&nbsp;<\/p>\n","protected":false},"excerpt":{"rendered":"<p>14 pa\u017adziernika br. z udzia\u0142em ministra edukacji Dariusza Piontkowskiego oraz wiceminister Marzeny Macha\u0142ek odby\u0142y si\u0119 og\u00f3lnopolskie obchody Dnia Edukacji Narodowej. Podczas wydarzenia minister Dariusz Piontkowski wr\u0119czy\u0142 odznaczenia pa\u0144stwowe, medale i nagrody.<\/p>\n","protected":false},"author":2,"featured_media":1024,"comment_status":"closed","ping_status":"closed","sticky":false,"template":"","format":"standard","meta":{"footnotes":""},"categories":[1],"tags":[],"class_list":["post-1015","post","type-post","status-publish","format-standard","has-post-thumbnail","hentry","category-spstawiski"],"_links":{"self":[{"href":"https:\/\/spstawiski.pl\/index.php?rest_route=\/wp\/v2\/posts\/1015","targetHints":{"allow":["GET"]}}],"collection":[{"href":"https:\/\/spstawiski.pl\/index.php?rest_route=\/wp\/v2\/posts"}],"about":[{"href":"https:\/\/spstawiski.pl\/index.php?rest_route=\/wp\/v2\/types\/post"}],"author":[{"embeddable":true,"href":"https:\/\/spstawiski.pl\/index.php?rest_route=\/wp\/v2\/users\/2"}],"replies":[{"embeddable":true,"href":"https:\/\/spstawiski.pl\/index.php?rest_route=%2Fwp%2Fv2%2Fcomments&post=1015"}],"version-history":[{"count":13,"href":"https:\/\/spstawiski.pl\/index.php?rest_route=\/wp\/v2\/posts\/1015\/revisions"}],"predecessor-version":[{"id":1086,"href":"https:\/\/spstawiski.pl\/index.php?rest_route=\/wp\/v2\/posts\/1015\/revisions\/1086"}],"wp:featuredmedia":[{"embeddable":true,"href":"https:\/\/spstawiski.pl\/index.php?rest_route=\/wp\/v2\/media\/1024"}],"wp:attachment":[{"href":"https:\/\/spstawiski.pl\/index.php?rest_route=%2Fwp%2Fv2%2Fmedia&parent=1015"}],"wp:term":[{"taxonomy":"category","embeddable":true,"href":"https:\/\/spstawiski.pl\/index.php?rest_route=%2Fwp%2Fv2%2Fcategories&post=1015"},{"taxonomy":"post_tag","embeddable":true,"href":"https:\/\/spstawiski.pl\/index.php?rest_route=%2Fwp%2Fv2%2Ftags&post=1015"}],"curies":[{"name":"wp","href":"https:\/\/api.w.org\/{rel}","templated":true}]}}